{"id":852,"date":"2006-04-14T11:48:12","date_gmt":"2006-04-14T09:48:12","guid":{"rendered":"http:\/\/www.bernhardsson.com\/scotland\/?p=17"},"modified":"2006-04-14T11:48:12","modified_gmt":"2006-04-14T09:48:12","slug":"the-royal-mile","status":"publish","type":"post","link":"http:\/\/www.bernhardsson.com\/patrik\/journal\/2006\/04\/14\/the-royal-mile\/","title":{"rendered":"The Royal Mile"},"content":{"rendered":"<p>S\u00e5 heter en k\u00e4nd gatustr\u00e4ckning i Edinburgh. Det \u00e4r den gamla medeltida huvudgatan i staden. Den g\u00e5r mellan <a onclick=\"javascript:pageTracker._trackPageview('\/outgoing\/www.royalmile.com\/');\" title=\"The Royal Mile\" target=\"_blank\"  href=\"http:\/\/www.royalmile.com\/\">Palace of Holyroodhouse och Edinburgh Castle<\/a>. M\u00e5nga vackra byggnader och historiksa monument samt mycket shopping av trationsbundna saker t.ex traditionella h\u00f6glandsplagg med accessoarer. Patrik har funderingar p\u00e5 en kilt, bara f\u00f6r att bli fotograferad i den som Highlander. Vi f\u00e5r nog g\u00e5 den d\u00e4r milen \u00e4ven om det inte blir kiltk\u00f6p f\u00f6r det \u00e4r s\u00e4kert inte det billigaste st\u00e4llet.<\/p>\n<p>D\u00e4r finns ocks\u00e5 Scotch Whiskey Heritage Centre (vet ju alla vad det \u00e4r) och The Hub (som \u00e4r h\u00f6gkvarter f\u00f6r Edingburh Festival). Och s\u00e5 \u00e4r det n\u00e4ra till The Old Town.<\/p>\n<p>Det finns ocks\u00e5 en <a onclick=\"javascript:pageTracker._trackPageview('\/outgoing\/www.royalmilewhiskies.com\/');\" title=\"The Royal Mile Whiskies\" target=\"_blank\"  href=\"http:\/\/www.royalmilewhiskies.com\/\">serie whiskey som heter The Royal Mile<\/a>.<\/p>\n","protected":false},"excerpt":{"rendered":"<p>S\u00e5 heter en k\u00e4nd gatustr\u00e4ckning i Edinburgh. Det \u00e4r den gamla medeltida huvudgatan i staden. Den g\u00e5r mellan Palace of Holyroodhouse och Edinburgh Castle. M\u00e5nga vackra byggnader och historiksa monument samt mycket shopping av trationsbundna saker t.ex traditionella h\u00f6glandsplagg med accessoarer. Patrik har funderingar p\u00e5 en kilt, bara f\u00f6r att bli fotograferad i den som [&hellip;]<\/p>\n","protected":false},"author":2,"featured_media":0,"comment_status":"open","ping_status":"open","sticky":false,"template":"","format":"standard","meta":{"footnotes":""},"categories":[223],"tags":[],"_links":{"self":[{"href":"http:\/\/www.bernhardsson.com\/patrik\/journal\/wp-json\/wp\/v2\/posts\/852"}],"collection":[{"href":"http:\/\/www.bernhardsson.com\/patrik\/journal\/wp-json\/wp\/v2\/posts"}],"about":[{"href":"http:\/\/www.bernhardsson.com\/patrik\/journal\/wp-json\/wp\/v2\/types\/post"}],"author":[{"embeddable":true,"href":"http:\/\/www.bernhardsson.com\/patrik\/journal\/wp-json\/wp\/v2\/users\/2"}],"replies":[{"embeddable":true,"href":"http:\/\/www.bernhardsson.com\/patrik\/journal\/wp-json\/wp\/v2\/comments?post=852"}],"version-history":[{"count":0,"href":"http:\/\/www.bernhardsson.com\/patrik\/journal\/wp-json\/wp\/v2\/posts\/852\/revisions"}],"wp:attachment":[{"href":"http:\/\/www.bernhardsson.com\/patrik\/journal\/wp-json\/wp\/v2\/media?parent=852"}],"wp:term":[{"taxonomy":"category","embeddable":true,"href":"http:\/\/www.bernhardsson.com\/patrik\/journal\/wp-json\/wp\/v2\/categories?post=852"},{"taxonomy":"post_tag","embeddable":true,"href":"http:\/\/www.bernhardsson.com\/patrik\/journal\/wp-json\/wp\/v2\/tags?post=852"}],"curies":[{"name":"wp","href":"https:\/\/api.w.org\/{rel}","templated":true}]}}