{"id":749,"date":"2009-01-17T22:26:08","date_gmt":"2009-01-17T21:26:08","guid":{"rendered":"http:\/\/www.bernhardsson.com\/patrik\/journal\/?p=749"},"modified":"2009-01-17T22:26:08","modified_gmt":"2009-01-17T21:26:08","slug":"notiser","status":"publish","type":"post","link":"http:\/\/www.bernhardsson.com\/patrik\/journal\/2009\/01\/17\/notiser\/","title":{"rendered":"Notiser"},"content":{"rendered":"<p><img loading=\"lazy\" decoding=\"async\" class=\"alignnone size-full wp-image-750\" title=\"notes (http:\/\/www.flickr.com\/photos\/bk\/1453555996\/)\" src=\"http:\/\/www.bernhardsson.com\/patrik\/journal\/wp-content\/uploads\/notes.jpg\" alt=\"notes (http:\/\/www.flickr.com\/photos\/bk\/1453555996\/)\" width=\"440\" height=\"142\" srcset=\"http:\/\/www.bernhardsson.com\/patrik\/journal\/wp-content\/uploads\/notes.jpg 440w, http:\/\/www.bernhardsson.com\/patrik\/journal\/wp-content\/uploads\/notes-300x96.jpg 300w\" sizes=\"(max-width: 440px) 100vw, 440px\" \/><\/p>\n<p>Det har inte blivit mycket bloggande \u00f6ver jul och ny\u00e5r. Spenderade jul p\u00e5 H\u00f6n\u00f6 med sl\u00e4kten och \u00e5kte direkt d\u00e4refter upp till Arjeplog f\u00f6r att fira min f\u00f6delsedag och ny\u00e5r med Tea och hennes sl\u00e4kt.<\/p>\n<p>F\u00f6r att reda bot p\u00e5 att jag bloggar s\u00e5 d\u00e5ligt s\u00e5 har jag lagt till notiser, som s\u00e5 m\u00e5nga andra siter, <a onclick=\"javascript:pageTracker._trackPageview('\/outgoing\/feber.se\/');\"  href=\"http:\/\/feber.se\/\">Feber<\/a> och <a onclick=\"javascript:pageTracker._trackPageview('\/outgoing\/bloggywood.se\/');\"  href=\"http:\/\/bloggywood.se\/\">Bloggywood<\/a> f\u00f6r att n\u00e4mna n\u00e5gra. Notiserna h\u00e4mtas just nu fr\u00e5n min <a onclick=\"javascript:pageTracker._trackPageview('\/outgoing\/www.jaiku.com\/');\"  href=\"http:\/\/www.jaiku.com\/\">jaiku<\/a>-feed. Jag har rensat upp lite i hur notiser visas, s\u00e5 att de inte visas som vanliga inl\u00e4gg. Jag vill dock egentligen rensa lite till, men vill g\u00e4rna beh\u00e5lla bilden som visar vilken tj\u00e4nst som notisen kommer ifr\u00e5n. N\u00e5gon som vet hur jag fixar det?<\/p>\n","protected":false},"excerpt":{"rendered":"<p>Det har inte blivit mycket bloggande \u00f6ver jul och ny\u00e5r. Spenderade jul p\u00e5 H\u00f6n\u00f6 med sl\u00e4kten och \u00e5kte direkt d\u00e4refter upp till Arjeplog f\u00f6r att fira min f\u00f6delsedag och ny\u00e5r med Tea och hennes sl\u00e4kt. F\u00f6r att reda bot p\u00e5 att jag bloggar s\u00e5 d\u00e5ligt s\u00e5 har jag lagt till notiser, som s\u00e5 m\u00e5nga andra [&hellip;]<\/p>\n","protected":false},"author":2,"featured_media":0,"comment_status":"open","ping_status":"open","sticky":false,"template":"","format":"standard","meta":{"footnotes":""},"categories":[2],"tags":[],"_links":{"self":[{"href":"http:\/\/www.bernhardsson.com\/patrik\/journal\/wp-json\/wp\/v2\/posts\/749"}],"collection":[{"href":"http:\/\/www.bernhardsson.com\/patrik\/journal\/wp-json\/wp\/v2\/posts"}],"about":[{"href":"http:\/\/www.bernhardsson.com\/patrik\/journal\/wp-json\/wp\/v2\/types\/post"}],"author":[{"embeddable":true,"href":"http:\/\/www.bernhardsson.com\/patrik\/journal\/wp-json\/wp\/v2\/users\/2"}],"replies":[{"embeddable":true,"href":"http:\/\/www.bernhardsson.com\/patrik\/journal\/wp-json\/wp\/v2\/comments?post=749"}],"version-history":[{"count":3,"href":"http:\/\/www.bernhardsson.com\/patrik\/journal\/wp-json\/wp\/v2\/posts\/749\/revisions"}],"predecessor-version":[{"id":753,"href":"http:\/\/www.bernhardsson.com\/patrik\/journal\/wp-json\/wp\/v2\/posts\/749\/revisions\/753"}],"wp:attachment":[{"href":"http:\/\/www.bernhardsson.com\/patrik\/journal\/wp-json\/wp\/v2\/media?parent=749"}],"wp:term":[{"taxonomy":"category","embeddable":true,"href":"http:\/\/www.bernhardsson.com\/patrik\/journal\/wp-json\/wp\/v2\/categories?post=749"},{"taxonomy":"post_tag","embeddable":true,"href":"http:\/\/www.bernhardsson.com\/patrik\/journal\/wp-json\/wp\/v2\/tags?post=749"}],"curies":[{"name":"wp","href":"https:\/\/api.w.org\/{rel}","templated":true}]}}