{"id":532,"date":"2008-06-30T21:37:30","date_gmt":"2008-06-30T19:37:30","guid":{"rendered":"http:\/\/www.bernhardsson.com\/patrik\/wp\/2008\/06\/30\/nu-har-vi-nyckeln\/"},"modified":"2008-08-22T13:05:34","modified_gmt":"2008-08-22T11:05:34","slug":"nu-har-vi-nyckeln","status":"publish","type":"post","link":"http:\/\/www.bernhardsson.com\/patrik\/journal\/2008\/06\/30\/nu-har-vi-nyckeln\/","title":{"rendered":"Nu har vi nyckeln"},"content":{"rendered":"<p><img decoding=\"async\" src=\"http:\/\/www.bernhardsson.com\/patrik\/wp\/wp-assets\/2008\/06\/radhuset.jpg\" alt=\"Utsidan radhuset\" width=\"460\" \/><br \/>\nIdag p\u00e5 morgonen fick vi nyckeln till radhuset. Mitt p\u00e5 dagen lastade jag och min far ut en massa verktyg i huset och jag satte kofoten i v\u00e4ggen mellan sovrummen och renoveringen var i full g\u00e5ng. Hela \u00f6verv\u00e5ningen ska renoveras. Allt ska fixas och bytas f\u00f6rutom vardagsrummets parkettgolv.<br \/>\n\u00d6verv\u00e5ning best\u00e5r av tv\u00e5 sovrum och vardagsrummet. Vi ska s\u00e4tta in Ikea garderober i sovrummet ist\u00e4llet f\u00f6r de tv\u00e5 garderober som var i varje sovrum. Vi s\u00e4tter nu bara garderober i v\u00e5rt sovrum med skjutd\u00f6rrar och g\u00f6r det andra sovrummet till kontor.<br \/>\nP\u00e5 l\u00f6rdag sker den stora flytten.<\/p>\n","protected":false},"excerpt":{"rendered":"<p>Idag p\u00e5 morgonen fick vi nyckeln till radhuset. Mitt p\u00e5 dagen lastade jag och min far ut en massa verktyg i huset och jag satte kofoten i v\u00e4ggen mellan sovrummen och renoveringen var i full g\u00e5ng. Hela \u00f6verv\u00e5ningen ska renoveras. Allt ska fixas och bytas f\u00f6rutom vardagsrummets parkettgolv. \u00d6verv\u00e5ning best\u00e5r av tv\u00e5 sovrum och vardagsrummet. [&hellip;]<\/p>\n","protected":false},"author":2,"featured_media":0,"comment_status":"open","ping_status":"open","sticky":false,"template":"","format":"standard","meta":{"footnotes":""},"categories":[2],"tags":[52,53,51,50],"_links":{"self":[{"href":"http:\/\/www.bernhardsson.com\/patrik\/journal\/wp-json\/wp\/v2\/posts\/532"}],"collection":[{"href":"http:\/\/www.bernhardsson.com\/patrik\/journal\/wp-json\/wp\/v2\/posts"}],"about":[{"href":"http:\/\/www.bernhardsson.com\/patrik\/journal\/wp-json\/wp\/v2\/types\/post"}],"author":[{"embeddable":true,"href":"http:\/\/www.bernhardsson.com\/patrik\/journal\/wp-json\/wp\/v2\/users\/2"}],"replies":[{"embeddable":true,"href":"http:\/\/www.bernhardsson.com\/patrik\/journal\/wp-json\/wp\/v2\/comments?post=532"}],"version-history":[{"count":1,"href":"http:\/\/www.bernhardsson.com\/patrik\/journal\/wp-json\/wp\/v2\/posts\/532\/revisions"}],"predecessor-version":[{"id":545,"href":"http:\/\/www.bernhardsson.com\/patrik\/journal\/wp-json\/wp\/v2\/posts\/532\/revisions\/545"}],"wp:attachment":[{"href":"http:\/\/www.bernhardsson.com\/patrik\/journal\/wp-json\/wp\/v2\/media?parent=532"}],"wp:term":[{"taxonomy":"category","embeddable":true,"href":"http:\/\/www.bernhardsson.com\/patrik\/journal\/wp-json\/wp\/v2\/categories?post=532"},{"taxonomy":"post_tag","embeddable":true,"href":"http:\/\/www.bernhardsson.com\/patrik\/journal\/wp-json\/wp\/v2\/tags?post=532"}],"curies":[{"name":"wp","href":"https:\/\/api.w.org\/{rel}","templated":true}]}}