{"id":497,"date":"2008-01-09T16:47:06","date_gmt":"2008-01-09T14:47:06","guid":{"rendered":"http:\/\/www.bernhardsson.com\/patrik\/wp\/2008\/01\/09\/macallan-opererad\/"},"modified":"2008-12-14T15:34:06","modified_gmt":"2008-12-14T13:34:06","slug":"macallan-opererad","status":"publish","type":"post","link":"http:\/\/www.bernhardsson.com\/patrik\/journal\/2008\/01\/09\/macallan-opererad\/","title":{"rendered":"Macallan opererad"},"content":{"rendered":"<p><img src='http:\/\/www.bernhardsson.com\/patrik\/wp\/wp-assets\/2008\/01\/img_1414_wide.jpg' alt='Macbook minne wide' \/><br \/>\nIg\u00e5r \u00f6ppnades min Macbook, Macallan, efter att ett paket fr\u00e5n <a onclick=\"javascript:pageTracker._trackPageview('\/outgoing\/www.dustinhome.se\/');\"  href=\"http:\/\/www.dustinhome.se\/\">DustinHome<\/a> anl\u00e4nt. Paketet inneh\u00f6ll 4GB ram-minne. Konstigt att Dustin skickar ett s\u00e5dan stort paket f\u00f6r ett s\u00e5 litet inneh\u00e5ll.<br \/>\nAllts\u00e5 paketet med dom sm\u00e5 minnena var ganska stort. Minnena var riktigt billiga, d\u00e4rf\u00f6r k\u00f6pte jag dom. Fick dom f\u00f6r runt 800kr, s\u00e5 jag \u00e4r riktigt n\u00f6jd. \ud83d\ude00<\/p>\n<p>N\u00e4r paktet v\u00e4l var \u00f6ppnat och batteriet borttaget fr\u00e5n Macallan visade det sig att jag inte hade en tillr\u00e4ckligt liten skruvmejsel f\u00f6r att skruva loss luckan som skyddar minnena och h\u00e5rddisken. S\u00e5 det fick bli en sv\u00e4ng till <a onclick=\"javascript:pageTracker._trackPageview('\/outgoing\/www.clasohlson.se\/');\"  href=\"http:\/\/www.clasohlson.se\/\">Clas Ohlson<\/a> precis innan st\u00e4ngningsdax, kl 19 f\u00f6r ink\u00f6p utav en &#8220;nyckelsats&#8221; av storlek mini \ud83d\ude42<\/p>\n<p>V\u00e4l hemkommen \u00f6ppnades luckan som synes ovan och det nya minnena trycktes in. Bra att veta \u00e4r att man beh\u00f6ver ganska mycket tryck n\u00e4r man stoppar i de nya minnena. De lossar riktigt l\u00e4tt, men \u00e4r riktigt sv\u00e5ra att trycka i. <a onclick=\"javascript:pageTracker._trackPageview('\/outgoing\/www.bjornolsson.se\/mono\/?p=914');\"  href=\"http:\/\/www.bjornolsson.se\/mono\/?p=914\">Bj\u00f6rn<\/a> n\u00e4mnde det n\u00e4r han bytte minne i sin iMac. S\u00e5 tack vare honom visste jag detta.<br \/>\n<!--more--><\/p>\n<p>F\u00f6re:<br \/>\n<img src='http:\/\/www.bernhardsson.com\/patrik\/wp\/wp-assets\/2008\/01\/macallan_2gb.jpg' alt='Macallan 2GB' \/><\/p>\n<p>Efter:<br \/>\n<img src='http:\/\/www.bernhardsson.com\/patrik\/wp\/wp-assets\/2008\/01\/macallan_4gb.jpg' alt='Macallan 4GB' \/><\/p>\n","protected":false},"excerpt":{"rendered":"<p>Ig\u00e5r \u00f6ppnades min Macbook, Macallan, efter att ett paket fr\u00e5n DustinHome anl\u00e4nt. Paketet inneh\u00f6ll 4GB ram-minne. Konstigt att Dustin skickar ett s\u00e5dan stort paket f\u00f6r ett s\u00e5 litet inneh\u00e5ll. Allts\u00e5 paketet med dom sm\u00e5 minnena var ganska stort. Minnena var riktigt billiga, d\u00e4rf\u00f6r k\u00f6pte jag dom. Fick dom f\u00f6r runt 800kr, s\u00e5 jag \u00e4r riktigt [&hellip;]<\/p>\n","protected":false},"author":2,"featured_media":0,"comment_status":"open","ping_status":"open","sticky":false,"template":"","format":"standard","meta":{"footnotes":""},"categories":[22,2],"tags":[181,179,154,105,180],"_links":{"self":[{"href":"http:\/\/www.bernhardsson.com\/patrik\/journal\/wp-json\/wp\/v2\/posts\/497"}],"collection":[{"href":"http:\/\/www.bernhardsson.com\/patrik\/journal\/wp-json\/wp\/v2\/posts"}],"about":[{"href":"http:\/\/www.bernhardsson.com\/patrik\/journal\/wp-json\/wp\/v2\/types\/post"}],"author":[{"embeddable":true,"href":"http:\/\/www.bernhardsson.com\/patrik\/journal\/wp-json\/wp\/v2\/users\/2"}],"replies":[{"embeddable":true,"href":"http:\/\/www.bernhardsson.com\/patrik\/journal\/wp-json\/wp\/v2\/comments?post=497"}],"version-history":[{"count":1,"href":"http:\/\/www.bernhardsson.com\/patrik\/journal\/wp-json\/wp\/v2\/posts\/497\/revisions"}],"predecessor-version":[{"id":656,"href":"http:\/\/www.bernhardsson.com\/patrik\/journal\/wp-json\/wp\/v2\/posts\/497\/revisions\/656"}],"wp:attachment":[{"href":"http:\/\/www.bernhardsson.com\/patrik\/journal\/wp-json\/wp\/v2\/media?parent=497"}],"wp:term":[{"taxonomy":"category","embeddable":true,"href":"http:\/\/www.bernhardsson.com\/patrik\/journal\/wp-json\/wp\/v2\/categories?post=497"},{"taxonomy":"post_tag","embeddable":true,"href":"http:\/\/www.bernhardsson.com\/patrik\/journal\/wp-json\/wp\/v2\/tags?post=497"}],"curies":[{"name":"wp","href":"https:\/\/api.w.org\/{rel}","templated":true}]}}