{"id":448,"date":"2007-07-12T20:12:29","date_gmt":"2007-07-12T18:12:29","guid":{"rendered":"http:\/\/www.bernhardsson.com\/patrik\/wp\/?p=448"},"modified":"2007-08-08T19:45:06","modified_gmt":"2007-08-08T17:45:06","slug":"arga-strejkande-bonder","status":"publish","type":"post","link":"http:\/\/www.bernhardsson.com\/patrik\/journal\/2007\/07\/12\/arga-strejkande-bonder\/","title":{"rendered":"Arga strejkande b\u00f6nder"},"content":{"rendered":"<p>I dag var det dags f\u00f6r Sacred Valley turen dvs. titta p\u00e5 gamla inkabyar och fornl\u00e4mningar. Det f\u00f6rsta orosmomentet var att ta sig ur Cusco innan strejkarna blockerade v\u00e4garna och iv\u00e4g kom vi. Vi stannade vid v\u00e5rt f\u00f6rsta stopp och tittade p\u00e5 en gammal inkaby och gick p\u00e5 en traditionell turistmarknad dvs. lokalbefolkning som s\u00e4ljer hantverk. Det var nu fick information om att b\u00f6nderna hade blockerat v\u00e5r v\u00e4g och vi fick \u00e4ndra v\u00e5ra planer och \u00e5ka en annan v\u00e4g. Denna v\u00e4g var en grusv\u00e4g som slingrade sig uppf\u00f6r bergen dvs. inget f\u00f6r Tea, men det var otroligt vackert. Det var delar av samma omr\u00e5den som t\u00e5get \u00e5ker fr\u00e5n Cusco till Macch Picchu. Hela tiden var det dock ovisst och vi skulle komma fram till huvudm\u00e5let Olltantaytambo pga. strejkande b\u00f6nder.<\/p>\n<p>Vi tog oss till lunchrestaurangen, men sen b\u00f6rjade det bli sp\u00e4nnande. Vi gjorde ett f\u00f6rs\u00f6k att n\u00e5 Olltantaytambo, det var stenar \u00f6ver hela v\u00e4gen (och j\u00e4rnv\u00e4gen) men vi lyckade oss kryssa mellan och ta oss vidare. N\u00e4r vi kom n\u00e4rmare staden h\u00f6ll polisen\/milit\u00e4ren att r\u00f6ja upp v\u00e4gen. Vi kom in i staden men fick snabbt vika av till en sidogata p\u00e5 polisens beg\u00e4ran. Efter lite v\u00e4ntan sa v\u00e5r guide att det var okej om vi gick till fots, men vi fick snabbt v\u00e4nda n\u00e4r polisen b\u00f6rjade skjuta med t\u00e5rgas mot strejkarna. Vi stod stilla i mer \u00e4n 1 timme innan vi fick ge upp och l\u00e4mna staden. Vi hade h\u00f6rt s\u00e5 mycket bra om Olltantaytambo s\u00e5 det var tr\u00e5kigt att vi inte fick se mer av den gamla inkastaden. <\/p>\n<p><a href=\"http:\/\/www.bernhardsson.com\/patrik\/wp\/wp-assets\/2007\/07\/DSCN0951.JPG\" rel=\"lightbox\" title=\"Strejkarna flyr polisens t\u00e5rgas\"><img decoding=\"async\" src=\"http:\/\/www.bernhardsson.com\/patrik\/wp\/wp-assets\/2007\/07\/DSCN0951_thumb.JPG\" border=\"0\" alt=\"Strejkarna flyr polisens t\u00e5rgas\" \/><\/a><\/p>\n<p>Pga. strejken blev det nu problem med v\u00e5rt hotell dvs. det var fr\u00e5getecken om vi skulle kunna ta oss till v\u00e5rt hotell i Yocay eller inte. Vi fick sitta och v\u00e4nta p\u00e5 ett annat hotell i n\u00e4stan tv\u00e5 timmar innan vi kunde ta oss till v\u00e5rt hotell. V\u00e4gen dit var fylld med stora och sm\u00e5 stenar, n\u00e5got tr\u00e4d och n\u00e5gon tunna, men dom arga b\u00f6nderna hade l\u00e4mnat v\u00e4garna. Hotellet var superfint och det sl\u00e4tade ut det andra som hade h\u00e4nt under dagen. F\u00f6r dagen i \u00f6vrigt var r\u00e4tt tr\u00e5kig, mycket skumpande p\u00e5 grusv\u00e4gar och mycket v\u00e4ntan. Men samtidigt m\u00e5ste vi erk\u00e4nna att det var lite sp\u00e4nnande =)<\/p>\n<p><a href=\"http:\/\/www.bernhardsson.com\/patrik\/wp\/wp-assets\/2007\/07\/DSCN0961.JPG\" rel=\"lightbox\" title=\"Stora stenar p\u00e5 t\u00e5gr\u00e4lsen\"><img decoding=\"async\" src=\"http:\/\/www.bernhardsson.com\/patrik\/wp\/wp-assets\/2007\/07\/DSCN0961_thumb.JPG\" border=\"0\" alt=\"Stora stenar p\u00e5 t\u00e5gr\u00e4lsen\" \/><\/a><\/p>\n<p>Imorgon ska vi till Machu Picchu som \u00e4r h\u00f6jdpunkten av v\u00e5r resa, hoppas bara att dom tagit bort alla stenar p\u00e5 j\u00e4rnv\u00e4gen s\u00e5 att det inte blir n\u00e5gra problem. Vi vill till Machu Picchu!!<\/p>\n","protected":false},"excerpt":{"rendered":"<p>I dag var det dags f\u00f6r Sacred Valley turen dvs. titta p\u00e5 gamla inkabyar och fornl\u00e4mningar. Det f\u00f6rsta orosmomentet var att ta sig ur Cusco innan strejkarna blockerade v\u00e4garna och iv\u00e4g kom vi. Vi stannade vid v\u00e5rt f\u00f6rsta stopp och tittade p\u00e5 en gammal inkaby och gick p\u00e5 en traditionell turistmarknad dvs. lokalbefolkning som s\u00e4ljer [&hellip;]<\/p>\n","protected":false},"author":2,"featured_media":0,"comment_status":"open","ping_status":"open","sticky":false,"template":"","format":"standard","meta":{"footnotes":""},"categories":[20,17],"tags":[],"_links":{"self":[{"href":"http:\/\/www.bernhardsson.com\/patrik\/journal\/wp-json\/wp\/v2\/posts\/448"}],"collection":[{"href":"http:\/\/www.bernhardsson.com\/patrik\/journal\/wp-json\/wp\/v2\/posts"}],"about":[{"href":"http:\/\/www.bernhardsson.com\/patrik\/journal\/wp-json\/wp\/v2\/types\/post"}],"author":[{"embeddable":true,"href":"http:\/\/www.bernhardsson.com\/patrik\/journal\/wp-json\/wp\/v2\/users\/2"}],"replies":[{"embeddable":true,"href":"http:\/\/www.bernhardsson.com\/patrik\/journal\/wp-json\/wp\/v2\/comments?post=448"}],"version-history":[{"count":0,"href":"http:\/\/www.bernhardsson.com\/patrik\/journal\/wp-json\/wp\/v2\/posts\/448\/revisions"}],"wp:attachment":[{"href":"http:\/\/www.bernhardsson.com\/patrik\/journal\/wp-json\/wp\/v2\/media?parent=448"}],"wp:term":[{"taxonomy":"category","embeddable":true,"href":"http:\/\/www.bernhardsson.com\/patrik\/journal\/wp-json\/wp\/v2\/categories?post=448"},{"taxonomy":"post_tag","embeddable":true,"href":"http:\/\/www.bernhardsson.com\/patrik\/journal\/wp-json\/wp\/v2\/tags?post=448"}],"curies":[{"name":"wp","href":"https:\/\/api.w.org\/{rel}","templated":true}]}}