{"id":444,"date":"2007-07-09T18:48:59","date_gmt":"2007-07-09T16:48:59","guid":{"rendered":"http:\/\/www.bernhardsson.com\/patrik\/wp\/?p=444"},"modified":"2007-08-08T19:43:25","modified_gmt":"2007-08-08T17:43:25","slug":"top-of-the-world","status":"publish","type":"post","link":"http:\/\/www.bernhardsson.com\/patrik\/journal\/2007\/07\/09\/top-of-the-world\/","title":{"rendered":"Top of the world"},"content":{"rendered":"<p>Ja, s\u00e5 stod det iaf i v\u00e5r guidebok att man k\u00e4nde det n\u00e4r man var i Puno vid Titicacasj\u00f6n. Efter fem timmar p\u00e5 en buss upp \u00f6ver bergen s\u00e5 har vi nu anl\u00e4nt till Puno, p\u00e5 ca 3870m \u00f6ver havet. Vi \u00e4r b\u00e5de ganska tr\u00f6tta, troligtvis av den tunna luften. Idag har vi varit p\u00e5 stan och tittat. Vi \u00e5t \u00e4ven gott p\u00e5 &#8220;El Ranch&#8221;, fick en hel grillad kyckling med pommes, sallad och dricka f\u00f6r ca 50sek. Imorgon b\u00e4r det ut p\u00e5 Titicacasj\u00f6n. Vi ska b\u00e5de till de konstgjorde vass\u00f6arna och till en riktigt \u00f6.<\/p>\n<p><a href=\"http:\/\/www.bernhardsson.com\/patrik\/wp\/wp-assets\/2007\/07\/DSCN0773.JPG\" rel=\"lightbox\" title=\"Barn i Peru\"><img decoding=\"async\" src=\"http:\/\/www.bernhardsson.com\/patrik\/wp\/wp-assets\/2007\/07\/DSCN0773_thumb.JPG\" border=\"0\" alt=\"Barn i Peru\" \/><\/a><\/p>\n<p>Redan innan vi anl\u00e4nde till Puno lyckades vi f\u00e5 reda p\u00e5 att dom troligtvis kommer att ha en allm\u00e4n strejk i Puno p\u00e5 onsdag och torsdag. S\u00e5 st\u00e5r all stilla. \u00c4ven bussar och vi som ska \u00e5ka h\u00e4rifr\u00e5n p\u00e5 onsdag. Biljetterna \u00e4r redan bokade, s\u00e5 v\u00e5rt resebolag h\u00e5ller p\u00e5 att kolla upp alternativ.<\/p>\n<p><a href=\"http:\/\/www.bernhardsson.com\/patrik\/wp\/wp-assets\/2007\/07\/DSCN0795.JPG\" rel=\"lightbox\" title=\"Puno\"><img decoding=\"async\" src=\"http:\/\/www.bernhardsson.com\/patrik\/wp\/wp-assets\/2007\/07\/DSCN0795_thumb.JPG\" border=\"0\" alt=\"Puno\" \/><\/a><\/p>\n<p>Ett stort grattis till Marlene, hoppas hon l\u00e4ser bloggen.<\/p>\n","protected":false},"excerpt":{"rendered":"<p>Ja, s\u00e5 stod det iaf i v\u00e5r guidebok att man k\u00e4nde det n\u00e4r man var i Puno vid Titicacasj\u00f6n. Efter fem timmar p\u00e5 en buss upp \u00f6ver bergen s\u00e5 har vi nu anl\u00e4nt till Puno, p\u00e5 ca 3870m \u00f6ver havet. Vi \u00e4r b\u00e5de ganska tr\u00f6tta, troligtvis av den tunna luften. Idag har vi varit p\u00e5 [&hellip;]<\/p>\n","protected":false},"author":2,"featured_media":0,"comment_status":"open","ping_status":"open","sticky":false,"template":"","format":"standard","meta":{"footnotes":""},"categories":[20,17],"tags":[],"_links":{"self":[{"href":"http:\/\/www.bernhardsson.com\/patrik\/journal\/wp-json\/wp\/v2\/posts\/444"}],"collection":[{"href":"http:\/\/www.bernhardsson.com\/patrik\/journal\/wp-json\/wp\/v2\/posts"}],"about":[{"href":"http:\/\/www.bernhardsson.com\/patrik\/journal\/wp-json\/wp\/v2\/types\/post"}],"author":[{"embeddable":true,"href":"http:\/\/www.bernhardsson.com\/patrik\/journal\/wp-json\/wp\/v2\/users\/2"}],"replies":[{"embeddable":true,"href":"http:\/\/www.bernhardsson.com\/patrik\/journal\/wp-json\/wp\/v2\/comments?post=444"}],"version-history":[{"count":0,"href":"http:\/\/www.bernhardsson.com\/patrik\/journal\/wp-json\/wp\/v2\/posts\/444\/revisions"}],"wp:attachment":[{"href":"http:\/\/www.bernhardsson.com\/patrik\/journal\/wp-json\/wp\/v2\/media?parent=444"}],"wp:term":[{"taxonomy":"category","embeddable":true,"href":"http:\/\/www.bernhardsson.com\/patrik\/journal\/wp-json\/wp\/v2\/categories?post=444"},{"taxonomy":"post_tag","embeddable":true,"href":"http:\/\/www.bernhardsson.com\/patrik\/journal\/wp-json\/wp\/v2\/tags?post=444"}],"curies":[{"name":"wp","href":"https:\/\/api.w.org\/{rel}","templated":true}]}}