{"id":433,"date":"2007-06-30T23:53:57","date_gmt":"2007-06-30T21:53:57","guid":{"rendered":"http:\/\/www.bernhardsson.com\/patrik\/wp\/?p=433"},"modified":"2007-07-22T20:56:25","modified_gmt":"2007-07-22T18:56:25","slug":"forberedelser","status":"publish","type":"post","link":"http:\/\/www.bernhardsson.com\/patrik\/journal\/2007\/06\/30\/forberedelser\/","title":{"rendered":"F\u00f6rberedelser"},"content":{"rendered":"<p>Nu \u00e4r vi i <a onclick=\"javascript:pageTracker._trackPageview('\/outgoing\/sv.wikipedia.org\/wiki\/V%C3%A4ster%C3%A5s');\"  href=\"http:\/\/sv.wikipedia.org\/wiki\/V%C3%A4ster%C3%A5s\" title=\"Wikipedia: V\u00e4ster\u00e5s\">V\u00e4ster\u00e5s<\/a>. Har f\u00e5tt en weissbier av Anders och lugnat resenerverna lite. Detta \u00e4r ett test om jag kan skapa inl\u00e4gg som ingen annan \u00e4n dom som har konto p\u00e5 bloggen kan se. D\u00e5 kan vi posta information och kanske \u00e4ven bilder, om vi kan \u00f6verf\u00f6ra dom, i bloggen.<\/p>\n<p><a onclick=\"javascript:pageTracker._trackPageview('\/outgoing\/www.casa-andina.com\/public\/iconos\/patiosan.jpg');\"  href=\"http:\/\/www.casa-andina.com\/public\/iconos\/patiosan.jpg\" title=\"Cusco San Blas\" rel=\"lightbox\"><img decoding=\"async\" src=\"http:\/\/www.casa-andina.com\/public\/iconos\/patiosana.jpg\" alt=\"Cusco San Blas\" border=\"0\" \/><\/a><\/p>\n<p>H\u00e4rom kv\u00e4llen n\u00e4r vi bes\u00f6kte <a onclick=\"javascript:pageTracker._trackPageview('\/outgoing\/sv.wikipedia.org\/wiki\/Stigen');\"  href=\"http:\/\/sv.wikipedia.org\/wiki\/Stigen\" title=\"Wikipedia: Stigen\">Stigen <\/a> surfade vi till de hotel som vi kommer bo p\u00e5 i Peru. Alla n\u00e4tter utom Lima kommer vi sova p\u00e5 hotelkedjan <a onclick=\"javascript:pageTracker._trackPageview('\/outgoing\/www.casa-andina.com\/');\"  href=\"http:\/\/www.casa-andina.com\/\" title=\"Casa Andina Hotels\">Casa Andina<\/a>. Hotellen verkar vara mycket trevliga. \ud83d\ude42<\/p>\n<p><a onclick=\"javascript:pageTracker._trackPageview('\/outgoing\/www.casa-andina.com\/public\/iconos\/fachadacol2.jpg');\"  href=\"http:\/\/www.casa-andina.com\/public\/iconos\/fachadacol2.jpg\" title=\"Casa Andina Classic - Colca Hotel\" rel=\"lightbox\"><img decoding=\"async\" src=\"http:\/\/www.casa-andina.com\/public\/iconos\/fachadacol.jpg\" alt=\"Casa Andina Classic - Colca Hotel\" border=\"0\" \/><\/a><\/p>\n<p>Imorgon blir det till att f\u00f6rs\u00f6ka vila upp sig och g\u00f6ra de sista f\u00f6rberedelserna. <a onclick=\"javascript:pageTracker._trackPageview('\/outgoing\/www.flygturen.se\/');\"  href=\"http:\/\/www.flygturen.se\/\" title=\"Flygturen\">Flygbussen<\/a> g\u00e5r kl 04.15 p\u00e5 m\u00e5ndag fr\u00e5n V\u00e4ster\u00e5s. Framme vid <a onclick=\"javascript:pageTracker._trackPageview('\/outgoing\/sv.wikipedia.org\/wiki\/Arlanda');\"  href=\"http:\/\/sv.wikipedia.org\/wiki\/Arlanda\" title=\"Wikipedia: Arlanda\">Arlanda<\/a> kl 06.45. D\u00e5 b\u00f6r vi ha tillr\u00e4ckligt med tid till incheckning (enl Continental b\u00f6r man vara 3tim f\u00f6re p\u00e5 plats). Planet lyfter kl 09.10. efter ca 9tim p\u00e5 flyget mellanlander vi p\u00e5 <a onclick=\"javascript:pageTracker._trackPageview('\/outgoing\/sv.wikipedia.org\/wiki\/Newark_Liberty_International_Airport');\"  href=\"http:\/\/sv.wikipedia.org\/wiki\/Newark_Liberty_International_Airport\" title=\"Wikipedia: Newark Liberty International Airport\">Newark Liberty International Airport<\/a> d\u00e4r vi efter 3tim flyger vidare mot <a onclick=\"javascript:pageTracker._trackPageview('\/outgoing\/sv.wikipedia.org\/wiki\/Lima');\"  href=\"http:\/\/sv.wikipedia.org\/wiki\/Lima\" title=\"Wikipedia: Lima\">Lima<\/a>, den resan tar &#8220;bara&#8221; 8tim. Vi Landar i lima ca 22.00 lokal tid. I Lima \u00f6vernattar vi bara och bussen s\u00f6derut \u00e5ker kl 7 dagen d\u00e4rp\u00e5. Vi kommer s\u00e4kert vara riktigt m\u00f6ra \ud83d\ude42<\/p>\n","protected":false},"excerpt":{"rendered":"<p>Nu \u00e4r vi i V\u00e4ster\u00e5s. Har f\u00e5tt en weissbier av Anders och lugnat resenerverna lite. Detta \u00e4r ett test om jag kan skapa inl\u00e4gg som ingen annan \u00e4n dom som har konto p\u00e5 bloggen kan se. D\u00e5 kan vi posta information och kanske \u00e4ven bilder, om vi kan \u00f6verf\u00f6ra dom, i bloggen. H\u00e4rom kv\u00e4llen n\u00e4r [&hellip;]<\/p>\n","protected":false},"author":2,"featured_media":0,"comment_status":"open","ping_status":"open","sticky":false,"template":"","format":"standard","meta":{"footnotes":""},"categories":[20,17],"tags":[],"_links":{"self":[{"href":"http:\/\/www.bernhardsson.com\/patrik\/journal\/wp-json\/wp\/v2\/posts\/433"}],"collection":[{"href":"http:\/\/www.bernhardsson.com\/patrik\/journal\/wp-json\/wp\/v2\/posts"}],"about":[{"href":"http:\/\/www.bernhardsson.com\/patrik\/journal\/wp-json\/wp\/v2\/types\/post"}],"author":[{"embeddable":true,"href":"http:\/\/www.bernhardsson.com\/patrik\/journal\/wp-json\/wp\/v2\/users\/2"}],"replies":[{"embeddable":true,"href":"http:\/\/www.bernhardsson.com\/patrik\/journal\/wp-json\/wp\/v2\/comments?post=433"}],"version-history":[{"count":0,"href":"http:\/\/www.bernhardsson.com\/patrik\/journal\/wp-json\/wp\/v2\/posts\/433\/revisions"}],"wp:attachment":[{"href":"http:\/\/www.bernhardsson.com\/patrik\/journal\/wp-json\/wp\/v2\/media?parent=433"}],"wp:term":[{"taxonomy":"category","embeddable":true,"href":"http:\/\/www.bernhardsson.com\/patrik\/journal\/wp-json\/wp\/v2\/categories?post=433"},{"taxonomy":"post_tag","embeddable":true,"href":"http:\/\/www.bernhardsson.com\/patrik\/journal\/wp-json\/wp\/v2\/tags?post=433"}],"curies":[{"name":"wp","href":"https:\/\/api.w.org\/{rel}","templated":true}]}}