{"id":346,"date":"2006-11-10T12:51:58","date_gmt":"2006-11-10T10:51:58","guid":{"rendered":"http:\/\/www.bernhardsson.com\/patrik\/wp\/?p=346"},"modified":"2006-11-10T13:50:55","modified_gmt":"2006-11-10T11:50:55","slug":"lg-slapper-kombinerad-blu-ray-och-hd-dvd-spelare-efter-nyar","status":"publish","type":"post","link":"http:\/\/www.bernhardsson.com\/patrik\/journal\/2006\/11\/10\/lg-slapper-kombinerad-blu-ray-och-hd-dvd-spelare-efter-nyar\/","title":{"rendered":"LG sl\u00e4pper kombinerad Blu-ray och HD-DVD spelare efter ny\u00e5r"},"content":{"rendered":"<p><strong><img decoding=\"async\" width=\"440\" src=\"http:\/\/prylportalen.mkf.se\/ArticlePages\/200610\/04\/20061004093637_MKF878\/LG-blu-ray-stor.jpg\" \/><br \/>\n<\/strong><strong>Koreanska LG har best\u00e4mt sig f\u00f6r att satsa p\u00e5 b\u00e5de Blu-ray och HD-DVD. D\u00e4rf\u00f6r kommer den f\u00f6rsta Blu-ray spelaren fr\u00e5n LG ocks\u00e5 att kunna spela upp HD-DVD. Med andra ord, en kombinerad spelare.<\/strong><\/p>\n<p>Redan p\u00e5 CES-m\u00e4ssan i Las Vegas i januari m\u00e5nad f\u00f6rstod <a onclick=\"javascript:pageTracker._trackPageview('\/outgoing\/prylportalen.mkf.se\/');\"  href=\"http:\/\/prylportalen.mkf.se\/\">Prylportalen<\/a> att n\u00e5got inte stod r\u00e4tt till. D\u00e5 sa \u00e5 ena sidan LG:s personal att de skulle satsa allt sitt krut p\u00e5 Blu-ray. Samtidigt kunde vi se en Blu-ray spelare och i en annan monter en HD-DVD spelare fr\u00e5n LG. LG:s personal p\u00e5 plats i Las Vegas ville inte s\u00e4ga n\u00e5got, men spelarna s\u00e5g likadana ut och ingen ville k\u00e4nnas vid att LG faktiskt tittade p\u00e5 HD-DVD samtidigt som de sa att de satsade p\u00e5 Blu-ray.<\/p>\n<p>Sedan b\u00f6rjade ett rykte dyka upp i samband med Cebit-m\u00e4ssan i mars m\u00e5nad, ryktet sa att LG inte kunde best\u00e4mma sig f\u00f6r vilket format de skulle satsa p\u00e5. Men under sommaren och h\u00f6sten b\u00f6rjade det dyka upp fler och fler bilder p\u00e5 produkter d\u00e4r b\u00e5de Blu-ray och HD-DVD skulle ing\u00e5. Bland annat har LG visat upp en laptop som anv\u00e4nder s\u00e5v\u00e4l Blu-ray som HD-DVD.<\/p>\n<p>Och nu har LG best\u00e4mt sig. Eller r\u00e4ttare sagt, de har inte kunnat best\u00e4mma sig, d\u00e4rf\u00f6r kommer f\u00f6retagets f\u00f6rsta Blu-ray spelare ocks\u00e5 vara en HD-DVD spelare. &#8211; Vi kommer att lansera en maskin som klarar b\u00e5da formaten, s\u00e4ger Jesper Silvanius p\u00e5 LG i Sverige.<\/p>\n<p><strong>Varf\u00f6r d\u00e5?<\/strong><br \/>\n&#8211; Vi vill att det ska vara enkelt f\u00f6r kunden att anv\u00e4nda v\u00e5ra produkter. D\u00e4rf\u00f6r v\u00e4ljer vi b\u00e5de Blu-ray och HD-DVD. Men Blu-ray \u00e4r fortfarande v\u00e5rat huvudformat.<\/p>\n<p><strong>Kunden ska inte beh\u00f6va v\u00e4lja<\/strong><br \/>\nJesper ber\u00e4ttar att LG t\u00e4nker likadant n\u00e4r det g\u00e4ller DVD-inspelare, d\u00e4r har nu LG alla formaten n\u00e4r det g\u00e4ller DVD. Kunden ska inte beh\u00f6va v\u00e4lja och st\u00e5 d\u00e4r med teknik som inte fungerar.<\/p>\n<p><strong>N\u00e4r kommer den f\u00f6rsta produkten med Blu-ray och HD-DVD?<\/strong><br \/>\n&#8211; Vi har sagt att den kommer i b\u00f6rjan av n\u00e4sta \u00e5r. Exakt n\u00e4r vet vi inte.  Kommer den till Sverige samtidigt som den sl\u00e4pps i Asien och USA? &#8211; Ja, Sverige och Norden tillh\u00f6r de marknader d\u00e4r produkter sl\u00e4pps f\u00f6rst, detta eftersom vi ligger s\u00e5 l\u00e5ngt framme tekniskt s\u00e4tt, f\u00f6rklarar Jesper Silvanius.<\/p>\n<p>D\u00e4remot \u00e4r det fortfarande inte klart om LG kommer att sl\u00e4ppa en spelare som klarar enbart Blu-ray f\u00f6re den produkten som klarar b\u00e5de och. LG har redan visat upp sin modell och sagt att den skulle komma ut i butik runt \u00e5rsskiftet. Redan nu har LG sl\u00e4ppt en Blu-ray spelare f\u00f6r databruk. Den modellen klarar inte HD-DVD.<\/p>\n<p>Av: <a onclick=\"javascript:pageTracker._trackPageview('\/outgoing\/prylportalen.mkf.se\/ArticlePages\/200610\/04\/20061004093637_MKF878\/20061004093637_MKF878.dbp.asp');\"  href=\"http:\/\/prylportalen.mkf.se\/ArticlePages\/200610\/04\/20061004093637_MKF878\/20061004093637_MKF878.dbp.asp\">Prylportalen: Niclas Lidstr\u00f6m<\/a><\/p>\n","protected":false},"excerpt":{"rendered":"<p>Koreanska LG har best\u00e4mt sig f\u00f6r att satsa p\u00e5 b\u00e5de Blu-ray och HD-DVD. D\u00e4rf\u00f6r kommer den f\u00f6rsta Blu-ray spelaren fr\u00e5n LG ocks\u00e5 att kunna spela upp HD-DVD. Med andra ord, en kombinerad spelare. Redan p\u00e5 CES-m\u00e4ssan i Las Vegas i januari m\u00e5nad f\u00f6rstod Prylportalen att n\u00e5got inte stod r\u00e4tt till. D\u00e5 sa \u00e5 ena sidan [&hellip;]<\/p>\n","protected":false},"author":2,"featured_media":0,"comment_status":"open","ping_status":"open","sticky":false,"template":"","format":"standard","meta":{"footnotes":""},"categories":[18,19],"tags":[],"_links":{"self":[{"href":"http:\/\/www.bernhardsson.com\/patrik\/journal\/wp-json\/wp\/v2\/posts\/346"}],"collection":[{"href":"http:\/\/www.bernhardsson.com\/patrik\/journal\/wp-json\/wp\/v2\/posts"}],"about":[{"href":"http:\/\/www.bernhardsson.com\/patrik\/journal\/wp-json\/wp\/v2\/types\/post"}],"author":[{"embeddable":true,"href":"http:\/\/www.bernhardsson.com\/patrik\/journal\/wp-json\/wp\/v2\/users\/2"}],"replies":[{"embeddable":true,"href":"http:\/\/www.bernhardsson.com\/patrik\/journal\/wp-json\/wp\/v2\/comments?post=346"}],"version-history":[{"count":0,"href":"http:\/\/www.bernhardsson.com\/patrik\/journal\/wp-json\/wp\/v2\/posts\/346\/revisions"}],"wp:attachment":[{"href":"http:\/\/www.bernhardsson.com\/patrik\/journal\/wp-json\/wp\/v2\/media?parent=346"}],"wp:term":[{"taxonomy":"category","embeddable":true,"href":"http:\/\/www.bernhardsson.com\/patrik\/journal\/wp-json\/wp\/v2\/categories?post=346"},{"taxonomy":"post_tag","embeddable":true,"href":"http:\/\/www.bernhardsson.com\/patrik\/journal\/wp-json\/wp\/v2\/tags?post=346"}],"curies":[{"name":"wp","href":"https:\/\/api.w.org\/{rel}","templated":true}]}}