{"id":279,"date":"2006-06-12T22:38:26","date_gmt":"2006-06-12T20:38:26","guid":{"rendered":"http:\/\/www.bernhardsson.com\/patrik\/wp\/?p=279"},"modified":"2006-06-12T22:38:26","modified_gmt":"2006-06-12T20:38:26","slug":"ny-sajt-for-gratis-synkning","status":"publish","type":"post","link":"http:\/\/www.bernhardsson.com\/patrik\/journal\/2006\/06\/12\/ny-sajt-for-gratis-synkning\/","title":{"rendered":"Ny sajt f\u00f6r gratis synkning"},"content":{"rendered":"<p><img decoding=\"async\" align=\"left\" alt=\"Zyb\" title=\"Zyb\" src=\"http:\/\/mobil.mkf.se\/ArticlePages\/200606\/09\/20060609152139_AHD312\/zyb.jpg\" \/><strong>Ingen vill f\u00f6rlora alla kontakter man har inlagda i mobiltelefonen, men med uppgifterna sparade p\u00e5 annat h\u00e5ll \u00e4r man trygg. Zob \u00e4r en ny\u00f6ppnad sajt f\u00f6r att synka din mobil.<\/strong><\/p>\n<p>Nya tj\u00e4nsten Zyb h\u00e4vdar d\u00e4remot att man ska erbjuda tj\u00e4nsten gratis f\u00f6r alltid. Det lovar VD Tommy Ahlers som ocks\u00e5 \u00e4r en av de tre grundarna. Ist\u00e4llet kommer Zyb ta betalt f\u00f6r extratj\u00e4nster kopplade till synkroniseringen. I framtiden ska man till exempel kunna synca sina kontakter med Outlook, skicka sms och s\u00e5 vidare. Dessa extratj\u00e4nster kommer allts\u00e5 kosta pengar.<\/p>\n<p>[Orginalnyhet: <a onclick=\"javascript:pageTracker._trackPageview('\/outgoing\/mobil.mkf.se\/ArticlePages\/200606\/09\/20060609152139_AHD312\/20060609152139_AHD312.dbp.asp');\" target=\"_blank\" title=\"Mobil:Zyb\"  href=\"http:\/\/mobil.mkf.se\/ArticlePages\/200606\/09\/20060609152139_AHD312\/20060609152139_AHD312.dbp.asp\">Mobil<\/a>]<\/p>\n<p>[tags]mobil, synkronisering, zyb[\/tags]<\/p>\n","protected":false},"excerpt":{"rendered":"<p>Ingen vill f\u00f6rlora alla kontakter man har inlagda i mobiltelefonen, men med uppgifterna sparade p\u00e5 annat h\u00e5ll \u00e4r man trygg. Zob \u00e4r en ny\u00f6ppnad sajt f\u00f6r att synka din mobil. Nya tj\u00e4nsten Zyb h\u00e4vdar d\u00e4remot att man ska erbjuda tj\u00e4nsten gratis f\u00f6r alltid. Det lovar VD Tommy Ahlers som ocks\u00e5 \u00e4r en av de tre [&hellip;]<\/p>\n","protected":false},"author":2,"featured_media":0,"comment_status":"open","ping_status":"open","sticky":false,"template":"","format":"standard","meta":{"footnotes":""},"categories":[14,10,4],"tags":[],"_links":{"self":[{"href":"http:\/\/www.bernhardsson.com\/patrik\/journal\/wp-json\/wp\/v2\/posts\/279"}],"collection":[{"href":"http:\/\/www.bernhardsson.com\/patrik\/journal\/wp-json\/wp\/v2\/posts"}],"about":[{"href":"http:\/\/www.bernhardsson.com\/patrik\/journal\/wp-json\/wp\/v2\/types\/post"}],"author":[{"embeddable":true,"href":"http:\/\/www.bernhardsson.com\/patrik\/journal\/wp-json\/wp\/v2\/users\/2"}],"replies":[{"embeddable":true,"href":"http:\/\/www.bernhardsson.com\/patrik\/journal\/wp-json\/wp\/v2\/comments?post=279"}],"version-history":[{"count":0,"href":"http:\/\/www.bernhardsson.com\/patrik\/journal\/wp-json\/wp\/v2\/posts\/279\/revisions"}],"wp:attachment":[{"href":"http:\/\/www.bernhardsson.com\/patrik\/journal\/wp-json\/wp\/v2\/media?parent=279"}],"wp:term":[{"taxonomy":"category","embeddable":true,"href":"http:\/\/www.bernhardsson.com\/patrik\/journal\/wp-json\/wp\/v2\/categories?post=279"},{"taxonomy":"post_tag","embeddable":true,"href":"http:\/\/www.bernhardsson.com\/patrik\/journal\/wp-json\/wp\/v2\/tags?post=279"}],"curies":[{"name":"wp","href":"https:\/\/api.w.org\/{rel}","templated":true}]}}