{"id":174,"date":"2006-02-04T19:09:12","date_gmt":"2006-02-04T17:09:12","guid":{"rendered":"http:\/\/www.bernhardsson.com\/patrik\/wp\/?p=174"},"modified":"2006-02-09T10:27:29","modified_gmt":"2006-02-09T08:27:29","slug":"svensk-pod-tv","status":"publish","type":"post","link":"http:\/\/www.bernhardsson.com\/patrik\/journal\/2006\/02\/04\/svensk-pod-tv\/","title":{"rendered":"Svensk Pod-TV"},"content":{"rendered":"<p>L\u00e4ste i fredagens <a onclick=\"javascript:pageTracker._trackPageview('\/outgoing\/computersweden.idg.se\/');\" title=\"ComputerSweden\"  href=\"http:\/\/computersweden.idg.se\/\">ComputerSweden<\/a> att <a onclick=\"javascript:pageTracker._trackPageview('\/outgoing\/svt.se\/');\" title=\"Sveriges Television\"  href=\"http:\/\/svt.se\/\">Sveriges Television<\/a> ska b\u00f6rja med Pod-TV p\u00e5 m\u00e5ndag. Dvs att man ska kunna ladda ner TV till sin dator och sedan \u00e4ven vidare till sin b\u00e4rbara enhet, ex <a onclick=\"javascript:pageTracker._trackPageview('\/outgoing\/www.apple.com\/se\/ipod\/ipod.html');\" title=\"Apple: iPod\"  href=\"http:\/\/www.apple.com\/se\/ipod\/ipod.html\">iPod Video<\/a>. Nu s\u00e5g jag i \u00e4ven <a onclick=\"javascript:pageTracker._trackPageview('\/outgoing\/expressen.se\/index.jsp?a=518943');\" title=\"Expressen: Pod-TV\"  href=\"http:\/\/expressen.se\/index.jsp?a=518943\">Expressen<\/a> snabbt lagt ut att de b\u00f6rjar med Pod-TV. Innan Sveriges Television. Tydligen \u00e4r det v\u00e4ldig viktigt att vara f\u00f6rst.<\/p>\n<p>Expressens satsning \u00e4r lite blygsammare \u00e4n Sveriges Television, med ett mindre utbud av lokal nyheter. Sveriges Television tillhandah\u00e5ller \u00e4ven &#8220;Filmkr\u00f6nikan&#8221;, mm.<\/p>\n","protected":false},"excerpt":{"rendered":"<p>L\u00e4ste i fredagens ComputerSweden att Sveriges Television ska b\u00f6rja med Pod-TV p\u00e5 m\u00e5ndag. Dvs att man ska kunna ladda ner TV till sin dator och sedan \u00e4ven vidare till sin b\u00e4rbara enhet, ex iPod Video. Nu s\u00e5g jag i \u00e4ven Expressen snabbt lagt ut att de b\u00f6rjar med Pod-TV. Innan Sveriges Television. Tydligen \u00e4r det [&hellip;]<\/p>\n","protected":false},"author":2,"featured_media":0,"comment_status":"open","ping_status":"open","sticky":false,"template":"","format":"standard","meta":{"footnotes":""},"categories":[12,4],"tags":[],"_links":{"self":[{"href":"http:\/\/www.bernhardsson.com\/patrik\/journal\/wp-json\/wp\/v2\/posts\/174"}],"collection":[{"href":"http:\/\/www.bernhardsson.com\/patrik\/journal\/wp-json\/wp\/v2\/posts"}],"about":[{"href":"http:\/\/www.bernhardsson.com\/patrik\/journal\/wp-json\/wp\/v2\/types\/post"}],"author":[{"embeddable":true,"href":"http:\/\/www.bernhardsson.com\/patrik\/journal\/wp-json\/wp\/v2\/users\/2"}],"replies":[{"embeddable":true,"href":"http:\/\/www.bernhardsson.com\/patrik\/journal\/wp-json\/wp\/v2\/comments?post=174"}],"version-history":[{"count":0,"href":"http:\/\/www.bernhardsson.com\/patrik\/journal\/wp-json\/wp\/v2\/posts\/174\/revisions"}],"wp:attachment":[{"href":"http:\/\/www.bernhardsson.com\/patrik\/journal\/wp-json\/wp\/v2\/media?parent=174"}],"wp:term":[{"taxonomy":"category","embeddable":true,"href":"http:\/\/www.bernhardsson.com\/patrik\/journal\/wp-json\/wp\/v2\/categories?post=174"},{"taxonomy":"post_tag","embeddable":true,"href":"http:\/\/www.bernhardsson.com\/patrik\/journal\/wp-json\/wp\/v2\/tags?post=174"}],"curies":[{"name":"wp","href":"https:\/\/api.w.org\/{rel}","templated":true}]}}